{"id":9473,"date":"2026-03-03T06:24:08","date_gmt":"2026-03-03T06:24:08","guid":{"rendered":"https:\/\/arch.bilkent.edu.tr\/?p=9473"},"modified":"2026-03-21T05:50:10","modified_gmt":"2026-03-21T05:50:10","slug":"of-grafts-deep-time-and-expansive-grounds","status":"publish","type":"post","link":"https:\/\/arch.bilkent.edu.tr\/?p=9473","title":{"rendered":"Of Grafts, Deep Time and Expansive Grounds"},"content":{"rendered":"\n<div class=\"wp-block-group has-global-padding is-layout-constrained wp-block-group-is-layout-constrained\">\n<div class=\"wp-block-columns is-layout-flex wp-container-core-columns-is-layout-28f84493 wp-block-columns-is-layout-flex\">\n<div class=\"wp-block-column is-layout-flow wp-block-column-is-layout-flow\" style=\"flex-basis:66.66%\">\n<figure class=\"wp-block-image size-large\"><img loading=\"lazy\" decoding=\"async\" width=\"1024\" height=\"1024\" src=\"https:\/\/arch.bilkent.edu.tr\/wp-content\/uploads\/2026\/03\/aslihan-demirtas-1024x1024.jpeg\" alt=\"\" class=\"wp-image-9474\" style=\"aspect-ratio:1;object-fit:contain\" srcset=\"https:\/\/arch.bilkent.edu.tr\/wp-content\/uploads\/2026\/03\/aslihan-demirtas-1024x1024.jpeg 1024w, https:\/\/arch.bilkent.edu.tr\/wp-content\/uploads\/2026\/03\/aslihan-demirtas-300x300.jpeg 300w, https:\/\/arch.bilkent.edu.tr\/wp-content\/uploads\/2026\/03\/aslihan-demirtas-150x150.jpeg 150w, https:\/\/arch.bilkent.edu.tr\/wp-content\/uploads\/2026\/03\/aslihan-demirtas-768x768.jpeg 768w, https:\/\/arch.bilkent.edu.tr\/wp-content\/uploads\/2026\/03\/aslihan-demirtas.jpeg 1080w\" sizes=\"auto, (max-width: 1024px) 100vw, 1024px\" \/><\/figure>\n\n\n\n<p>Asl\u0131han Demirta\u015f will be sharing and discussing what she means of deep time and expansive ground with selected works such as <em>Plinth<\/em>, <em>Graft<\/em>, <em>Sultanbeyli Kiosk<\/em>, <em>\u0130kiz\u00e7am <\/em>and<em>Y\u00fcr\u00fck Yayla Houses<\/em> as well as <em>Lumbardhi Cinema<\/em>. Interweaved in this presentation will be the question of why we need expanded practices of architecture and design and why the alternative now needs to become the convention.\u00a0<br><\/p>\n\n\n\n<p><strong>Biography:<\/strong><\/p>\n\n\n\n<p>Asl\u0131han Demirta\u015f is a practicing architect, educator, and co-founder of KHORA, an expanded architectural and design practice grounded in research, art and ecology. Established in New York and based in Istanbul, KHORA is a collaborative, multi-scale and un-disciplined practice and creatively situates architecture and design in their historical and future contexts. Asl\u0131han is a recipient of Graham Foundation Grant for her research work Graft and has served as a technical evaluator for the 15th Aga Khan Awards for Architecture. She currently leads the adaptive reuse of Lumbardhi Cinema in Prizren, Kosovo and the artistic research project Sea Snotting Expeditions at SALT, among others. Demirta\u015f collaborated with Pritzker prize winner I.\u202fM.\u202fPei as his lead designer on the Museum of Islamic Arts Qatar and Miho Chapel. She has taught at Parsons School of Design at The New School, Istanbul Bilgi University and lectured at Harvard GSD, MIT, and Bauhaus-Universit\u00e4t Weimar among others. She is a member of the Initiative for the Protection of the Historical Yedikule Urban Gardens and an alumna of MIT and METU.\u00a0<\/p>\n\n\n\n<p><a href=\"https:\/\/aslihan-demirtas.com\/\">https:\/\/aslihan-demirtas.com\/<\/a><\/p>\n<\/div>\n\n\n\n<div class=\"wp-block-column is-sticky is-layout-flow wp-block-column-is-layout-flow\" style=\"flex-basis:33.33%\">\n<div class=\"wp-block-group has-global-padding is-layout-constrained wp-block-group-is-layout-constrained wp-container-1 is-position-sticky\">\n<hr class=\"wp-block-separator has-alpha-channel-opacity is-style-wide\"\/>\n\n\n\n<p><strong>Date:<\/strong> 06\/03\/2026 Friday<br><strong>Time:<\/strong> 12:30-13:30<br><strong>Place:<\/strong> FFB-05<\/p>\n\n\n\n<hr class=\"wp-block-separator has-alpha-channel-opacity is-style-wide\"\/>\n\n\n<div style=\"padding-top:0;padding-bottom:0;margin-top:0;margin-bottom:0\" class=\"taxonomy-category wp-block-post-terms\"><a href=\"https:\/\/arch.bilkent.edu.tr\/?cat=251\" rel=\"tag\">2026<\/a><span class=\"wp-block-post-terms__separator\">, <\/span><a href=\"https:\/\/arch.bilkent.edu.tr\/?cat=19\" rel=\"tag\">ARCH402<\/a><span class=\"wp-block-post-terms__separator\">, <\/span><a href=\"https:\/\/arch.bilkent.edu.tr\/?cat=186\" rel=\"tag\">Architectural History+Theory Book Talks<\/a><span class=\"wp-block-post-terms__separator\">, <\/span><a href=\"https:\/\/arch.bilkent.edu.tr\/?cat=7\" rel=\"tag\">Lectures<\/a><span class=\"wp-block-post-terms__separator\">, <\/span><a href=\"https:\/\/arch.bilkent.edu.tr\/?cat=6\" rel=\"tag\">News &amp; Events<\/a><span class=\"wp-block-post-terms__separator\">, <\/span><a href=\"https:\/\/arch.bilkent.edu.tr\/?cat=129\" rel=\"tag\">Research Stories<\/a><\/div>\n\n<div style=\"margin-top:0;margin-bottom:0\" class=\"taxonomy-post_tag wp-block-post-terms\"><a href=\"https:\/\/arch.bilkent.edu.tr\/?tag=book-talk\" rel=\"tag\">Book Talk<\/a><span class=\"wp-block-post-terms__separator\">, <\/span><a href=\"https:\/\/arch.bilkent.edu.tr\/?tag=environmental-history\" rel=\"tag\">Environmental History<\/a><span class=\"wp-block-post-terms__separator\">, <\/span><a href=\"https:\/\/arch.bilkent.edu.tr\/?tag=sustainability\" rel=\"tag\">Sustainability<\/a><span class=\"wp-block-post-terms__separator\">, <\/span><a href=\"https:\/\/arch.bilkent.edu.tr\/?tag=theory-and-criticism\" rel=\"tag\">Theory and Criticism<\/a><\/div><\/div>\n<\/div>\n<\/div>\n<\/div>\n\n\n\n<p><\/p>\n","protected":false},"excerpt":{"rendered":"<p>Asl\u0131han Demirta\u015f will be sharing and discussing what she means of deep time and expansive ground with selected works such as Plinth, Graft, Sultanbeyli Kiosk, \u0130kiz\u00e7am andY\u00fcr\u00fck Yayla Houses as well as Lumbardhi Cinema. Interweaved in this presentation will be the question of why we need expanded practices of architecture and design and why the [&hellip;]<\/p>\n","protected":false},"author":1,"featured_media":9474,"comment_status":"open","ping_status":"open","sticky":false,"template":"","format":"standard","meta":{"_acf_changed":false,"footnotes":""},"categories":[251,19,186,7,6,129],"tags":[246,255,83,161],"class_list":["post-9473","post","type-post","status-publish","format-standard","has-post-thumbnail","hentry","category-251","category-19","category-architectural-historytheory-book-talks","category-lectures","category-news","category-research-stories","tag-book-talk","tag-environmental-history","tag-sustainability","tag-theory-and-criticism"],"acf":[],"_links":{"self":[{"href":"https:\/\/arch.bilkent.edu.tr\/index.php?rest_route=\/wp\/v2\/posts\/9473","targetHints":{"allow":["GET"]}}],"collection":[{"href":"https:\/\/arch.bilkent.edu.tr\/index.php?rest_route=\/wp\/v2\/posts"}],"about":[{"href":"https:\/\/arch.bilkent.edu.tr\/index.php?rest_route=\/wp\/v2\/types\/post"}],"author":[{"embeddable":true,"href":"https:\/\/arch.bilkent.edu.tr\/index.php?rest_route=\/wp\/v2\/users\/1"}],"replies":[{"embeddable":true,"href":"https:\/\/arch.bilkent.edu.tr\/index.php?rest_route=%2Fwp%2Fv2%2Fcomments&post=9473"}],"version-history":[{"count":1,"href":"https:\/\/arch.bilkent.edu.tr\/index.php?rest_route=\/wp\/v2\/posts\/9473\/revisions"}],"predecessor-version":[{"id":9475,"href":"https:\/\/arch.bilkent.edu.tr\/index.php?rest_route=\/wp\/v2\/posts\/9473\/revisions\/9475"}],"wp:featuredmedia":[{"embeddable":true,"href":"https:\/\/arch.bilkent.edu.tr\/index.php?rest_route=\/wp\/v2\/media\/9474"}],"wp:attachment":[{"href":"https:\/\/arch.bilkent.edu.tr\/index.php?rest_route=%2Fwp%2Fv2%2Fmedia&parent=9473"}],"wp:term":[{"taxonomy":"category","embeddable":true,"href":"https:\/\/arch.bilkent.edu.tr\/index.php?rest_route=%2Fwp%2Fv2%2Fcategories&post=9473"},{"taxonomy":"post_tag","embeddable":true,"href":"https:\/\/arch.bilkent.edu.tr\/index.php?rest_route=%2Fwp%2Fv2%2Ftags&post=9473"}],"curies":[{"name":"wp","href":"https:\/\/api.w.org\/{rel}","templated":true}]}}