{"id":9286,"date":"2025-10-28T13:51:52","date_gmt":"2025-10-28T13:51:52","guid":{"rendered":"https:\/\/arch.bilkent.edu.tr\/?p=9286"},"modified":"2026-02-17T13:49:18","modified_gmt":"2026-02-17T13:49:18","slug":"bilkent-architecture-at-the-2nd-adana-architecture-festival","status":"publish","type":"post","link":"https:\/\/arch.bilkent.edu.tr\/?p=9286","title":{"rendered":"Bilkent Architecture at the 2nd Adana Architecture Festival"},"content":{"rendered":"\n<div class=\"wp-block-group has-global-padding is-layout-constrained wp-block-group-is-layout-constrained\">\n<div class=\"wp-block-columns is-layout-flex wp-container-core-columns-is-layout-28f84493 wp-block-columns-is-layout-flex\">\n<div class=\"wp-block-column is-layout-flow wp-block-column-is-layout-flow\" style=\"flex-basis:66.66%\">\n<figure class=\"wp-block-gallery has-nested-images columns-default is-cropped wp-block-gallery-1 is-layout-flex wp-block-gallery-is-layout-flex\">\n<figure class=\"wp-block-image size-large\"><img loading=\"lazy\" decoding=\"async\" width=\"1024\" height=\"768\" data-id=\"9291\" src=\"https:\/\/arch.bilkent.edu.tr\/wp-content\/uploads\/2025\/10\/IMG_9884-1024x768.jpg\" alt=\"\" class=\"wp-image-9291\" srcset=\"https:\/\/arch.bilkent.edu.tr\/wp-content\/uploads\/2025\/10\/IMG_9884-1024x768.jpg 1024w, https:\/\/arch.bilkent.edu.tr\/wp-content\/uploads\/2025\/10\/IMG_9884-300x225.jpg 300w, https:\/\/arch.bilkent.edu.tr\/wp-content\/uploads\/2025\/10\/IMG_9884-768x576.jpg 768w, https:\/\/arch.bilkent.edu.tr\/wp-content\/uploads\/2025\/10\/IMG_9884-1536x1152.jpg 1536w, https:\/\/arch.bilkent.edu.tr\/wp-content\/uploads\/2025\/10\/IMG_9884-2048x1536.jpg 2048w\" sizes=\"auto, (max-width: 1024px) 100vw, 1024px\" \/><\/figure>\n\n\n\n<figure class=\"wp-block-image size-large\"><img loading=\"lazy\" decoding=\"async\" width=\"768\" height=\"1024\" data-id=\"9289\" src=\"https:\/\/arch.bilkent.edu.tr\/wp-content\/uploads\/2025\/10\/IMG_9775-768x1024.jpg\" alt=\"\" class=\"wp-image-9289\" srcset=\"https:\/\/arch.bilkent.edu.tr\/wp-content\/uploads\/2025\/10\/IMG_9775-768x1024.jpg 768w, https:\/\/arch.bilkent.edu.tr\/wp-content\/uploads\/2025\/10\/IMG_9775-225x300.jpg 225w, https:\/\/arch.bilkent.edu.tr\/wp-content\/uploads\/2025\/10\/IMG_9775-1152x1536.jpg 1152w, https:\/\/arch.bilkent.edu.tr\/wp-content\/uploads\/2025\/10\/IMG_9775-1536x2048.jpg 1536w, https:\/\/arch.bilkent.edu.tr\/wp-content\/uploads\/2025\/10\/IMG_9775-scaled.jpg 1920w\" sizes=\"auto, (max-width: 768px) 100vw, 768px\" \/><\/figure>\n\n\n\n<figure class=\"wp-block-image size-large\"><img loading=\"lazy\" decoding=\"async\" width=\"768\" height=\"1024\" data-id=\"9292\" src=\"https:\/\/arch.bilkent.edu.tr\/wp-content\/uploads\/2025\/10\/IMG_0777-768x1024.jpg\" alt=\"\" class=\"wp-image-9292\" srcset=\"https:\/\/arch.bilkent.edu.tr\/wp-content\/uploads\/2025\/10\/IMG_0777-768x1024.jpg 768w, https:\/\/arch.bilkent.edu.tr\/wp-content\/uploads\/2025\/10\/IMG_0777-225x300.jpg 225w, https:\/\/arch.bilkent.edu.tr\/wp-content\/uploads\/2025\/10\/IMG_0777-1152x1536.jpg 1152w, https:\/\/arch.bilkent.edu.tr\/wp-content\/uploads\/2025\/10\/IMG_0777-1536x2048.jpg 1536w, https:\/\/arch.bilkent.edu.tr\/wp-content\/uploads\/2025\/10\/IMG_0777-scaled.jpg 1920w\" sizes=\"auto, (max-width: 768px) 100vw, 768px\" \/><\/figure>\n\n\n\n<figure class=\"wp-block-image size-large\"><img loading=\"lazy\" decoding=\"async\" width=\"768\" height=\"1024\" data-id=\"9288\" src=\"https:\/\/arch.bilkent.edu.tr\/wp-content\/uploads\/2025\/10\/IMG_0787-768x1024.jpg\" alt=\"\" class=\"wp-image-9288\" srcset=\"https:\/\/arch.bilkent.edu.tr\/wp-content\/uploads\/2025\/10\/IMG_0787-768x1024.jpg 768w, https:\/\/arch.bilkent.edu.tr\/wp-content\/uploads\/2025\/10\/IMG_0787-225x300.jpg 225w, https:\/\/arch.bilkent.edu.tr\/wp-content\/uploads\/2025\/10\/IMG_0787-1152x1536.jpg 1152w, https:\/\/arch.bilkent.edu.tr\/wp-content\/uploads\/2025\/10\/IMG_0787-1536x2048.jpg 1536w, https:\/\/arch.bilkent.edu.tr\/wp-content\/uploads\/2025\/10\/IMG_0787-scaled.jpg 1920w\" sizes=\"auto, (max-width: 768px) 100vw, 768px\" \/><\/figure>\n\n\n\n<figure class=\"wp-block-image size-large\"><img loading=\"lazy\" decoding=\"async\" width=\"768\" height=\"1024\" data-id=\"9293\" src=\"https:\/\/arch.bilkent.edu.tr\/wp-content\/uploads\/2025\/10\/IMG_0767-768x1024.jpg\" alt=\"\" class=\"wp-image-9293\" srcset=\"https:\/\/arch.bilkent.edu.tr\/wp-content\/uploads\/2025\/10\/IMG_0767-768x1024.jpg 768w, https:\/\/arch.bilkent.edu.tr\/wp-content\/uploads\/2025\/10\/IMG_0767-225x300.jpg 225w, https:\/\/arch.bilkent.edu.tr\/wp-content\/uploads\/2025\/10\/IMG_0767-1152x1536.jpg 1152w, https:\/\/arch.bilkent.edu.tr\/wp-content\/uploads\/2025\/10\/IMG_0767-1536x2048.jpg 1536w, https:\/\/arch.bilkent.edu.tr\/wp-content\/uploads\/2025\/10\/IMG_0767-scaled.jpg 1920w\" sizes=\"auto, (max-width: 768px) 100vw, 768px\" \/><\/figure>\n<\/figure>\n\n\n\n<p><strong>Bilkent Architecture at the 2nd Adana Architecture Festival<\/strong><\/p>\n\n\n\n<p>Bilkent University Department of Architecture was represented at the <strong>2nd Adana Architecture Festival<\/strong>, held between <strong>23\u201325 October 2025<\/strong> at the <strong>Adana Museum Complex<\/strong>, with the theme <strong>\u201cG\u00fcneye Bakmak\u201d (Looking South)<\/strong>.<\/p>\n\n\n\n<p>The exhibited works featured selected projects from <strong>ARCH 302 \u2013 Architectural Design Studio IV (Spring 2025)<\/strong>.<\/p>\n\n\n\n<p><strong>Participating Students<\/strong><br>Rengin G\u00fcler<br>Eda Tuna<br>Payiz Ye\u015fil &amp; Ceren Arpac\u0131<br>S\u0131d\u0131ka Tuba \u00d6zt\u00fcrk<br>Aylin Co\u015fkun<br>Berfin Oran<br>Selin Su Karag\u00f6z<br>Zeynep Aka<\/p>\n\n\n\n<p><strong>Instructors<\/strong><br>\u00d6zge Selen Duran<br>Giorgio Gasco<br>Melis S\u00f6zen<br>Bilkay Beg\u00fcm Peker<\/p>\n\n\n\n<p><strong>Teaching Assistant<\/strong><br>R\u00fcya Uzun<\/p>\n\n\n\n<p>Bilkent Architecture is proud to take part in this national platform that brings together architecture schools, professionals, and creative communities to reflect on new spatial and cultural perspectives.<\/p>\n<\/div>\n\n\n\n<div class=\"wp-block-column is-sticky is-layout-flow wp-block-column-is-layout-flow\" style=\"flex-basis:33.33%\">\n<div class=\"wp-block-group has-global-padding is-layout-constrained wp-block-group-is-layout-constrained wp-container-2 is-position-sticky\">\n<hr class=\"wp-block-separator has-alpha-channel-opacity is-style-wide\"\/>\n\n\n\n<p><strong>Date:<\/strong> <strong>23\u201325 October 2025<\/strong><br><strong>Place:<\/strong> <strong>Adana Museum Complex<\/strong><\/p>\n\n\n\n<hr class=\"wp-block-separator has-alpha-channel-opacity is-style-wide\"\/>\n\n\n<div style=\"padding-top:0;padding-bottom:0;margin-top:0;margin-bottom:0\" class=\"taxonomy-category wp-block-post-terms\"><a href=\"https:\/\/arch.bilkent.edu.tr\/?cat=232\" rel=\"tag\">2025<\/a><span class=\"wp-block-post-terms__separator\">, <\/span><a href=\"https:\/\/arch.bilkent.edu.tr\/?cat=8\" rel=\"tag\">Exhibitions<\/a><span class=\"wp-block-post-terms__separator\">, <\/span><a href=\"https:\/\/arch.bilkent.edu.tr\/?cat=6\" rel=\"tag\">News &amp; Events<\/a><span class=\"wp-block-post-terms__separator\">, <\/span><a href=\"https:\/\/arch.bilkent.edu.tr\/?cat=129\" rel=\"tag\">Research Stories<\/a><\/div>\n\n<\/div>\n<\/div>\n<\/div>\n<\/div>\n","protected":false},"excerpt":{"rendered":"<p>Bilkent Architecture at the 2nd Adana Architecture Festival Bilkent University Department of Architecture was represented at the 2nd Adana Architecture Festival, held between 23\u201325 October 2025 at the Adana Museum Complex, with the theme \u201cG\u00fcneye Bakmak\u201d (Looking South). The exhibited works featured selected projects from ARCH 302 \u2013 Architectural Design Studio IV (Spring 2025). Participating [&hellip;]<\/p>\n","protected":false},"author":1,"featured_media":9291,"comment_status":"open","ping_status":"open","sticky":false,"template":"","format":"standard","meta":{"_acf_changed":false,"footnotes":""},"categories":[232,8,6,129],"tags":[],"class_list":["post-9286","post","type-post","status-publish","format-standard","has-post-thumbnail","hentry","category-2025-year","category-exhibitions","category-news","category-research-stories"],"acf":[],"_links":{"self":[{"href":"https:\/\/arch.bilkent.edu.tr\/index.php?rest_route=\/wp\/v2\/posts\/9286","targetHints":{"allow":["GET"]}}],"collection":[{"href":"https:\/\/arch.bilkent.edu.tr\/index.php?rest_route=\/wp\/v2\/posts"}],"about":[{"href":"https:\/\/arch.bilkent.edu.tr\/index.php?rest_route=\/wp\/v2\/types\/post"}],"author":[{"embeddable":true,"href":"https:\/\/arch.bilkent.edu.tr\/index.php?rest_route=\/wp\/v2\/users\/1"}],"replies":[{"embeddable":true,"href":"https:\/\/arch.bilkent.edu.tr\/index.php?rest_route=%2Fwp%2Fv2%2Fcomments&post=9286"}],"version-history":[{"count":2,"href":"https:\/\/arch.bilkent.edu.tr\/index.php?rest_route=\/wp\/v2\/posts\/9286\/revisions"}],"predecessor-version":[{"id":9294,"href":"https:\/\/arch.bilkent.edu.tr\/index.php?rest_route=\/wp\/v2\/posts\/9286\/revisions\/9294"}],"wp:featuredmedia":[{"embeddable":true,"href":"https:\/\/arch.bilkent.edu.tr\/index.php?rest_route=\/wp\/v2\/media\/9291"}],"wp:attachment":[{"href":"https:\/\/arch.bilkent.edu.tr\/index.php?rest_route=%2Fwp%2Fv2%2Fmedia&parent=9286"}],"wp:term":[{"taxonomy":"category","embeddable":true,"href":"https:\/\/arch.bilkent.edu.tr\/index.php?rest_route=%2Fwp%2Fv2%2Fcategories&post=9286"},{"taxonomy":"post_tag","embeddable":true,"href":"https:\/\/arch.bilkent.edu.tr\/index.php?rest_route=%2Fwp%2Fv2%2Ftags&post=9286"}],"curies":[{"name":"wp","href":"https:\/\/api.w.org\/{rel}","templated":true}]}}