{"id":6788,"date":"2024-04-14T09:03:52","date_gmt":"2024-04-14T09:03:52","guid":{"rendered":"https:\/\/arch.bilkent.edu.tr\/?p=6788"},"modified":"2024-04-28T05:49:49","modified_gmt":"2024-04-28T05:49:49","slug":"designing-at-the-intersection-between-finding-and-making","status":"publish","type":"post","link":"https:\/\/arch.bilkent.edu.tr\/?p=6788","title":{"rendered":"Designing (at) the intersection: between finding\u00a0and\u00a0making"},"content":{"rendered":"\n<div class=\"wp-block-group has-global-padding is-layout-constrained wp-block-group-is-layout-constrained\">\n<div class=\"wp-block-columns is-layout-flex wp-container-core-columns-is-layout-28f84493 wp-block-columns-is-layout-flex\">\n<div class=\"wp-block-column is-layout-flow wp-block-column-is-layout-flow\" style=\"flex-basis:66.66%\">\n<figure class=\"wp-block-image size-large\"><img loading=\"lazy\" decoding=\"async\" width=\"1024\" height=\"659\" src=\"https:\/\/arch.bilkent.edu.tr\/wp-content\/uploads\/2024\/04\/meltstudiopsd-copy-1024x659.jpg\" alt=\"\" class=\"wp-image-6789\" style=\"aspect-ratio:0.7998046875;object-fit:contain\" srcset=\"https:\/\/arch.bilkent.edu.tr\/wp-content\/uploads\/2024\/04\/meltstudiopsd-copy-1024x659.jpg 1024w, https:\/\/arch.bilkent.edu.tr\/wp-content\/uploads\/2024\/04\/meltstudiopsd-copy-300x193.jpg 300w, https:\/\/arch.bilkent.edu.tr\/wp-content\/uploads\/2024\/04\/meltstudiopsd-copy-768x494.jpg 768w, https:\/\/arch.bilkent.edu.tr\/wp-content\/uploads\/2024\/04\/meltstudiopsd-copy-1536x988.jpg 1536w\" sizes=\"auto, (max-width: 1024px) 100vw, 1024px\" \/><\/figure>\n\n\n\n<p>This talk explores the overarching conceptual framework of MELT, illuminating the critical dialogue that characterizes our design and representation process which operates at the intersection of the multifold acts: &#8220;finding&#8221; and &#8220;making.&#8221; The talk will begin with a brief explanation of our collaborative practice structure, followed by a presentation of our concept-driven approach through a selection of diverse projects.\u00a0\u00a0In this talk, MELT aims to open up a discussion through the acts of finding and making, to go beyond the creation of the designated built environment and explore the potential of architecture as a discursive tool, enabling it to transcend disciplinary boundaries.<\/p>\n\n\n\n<p><strong>Biography:<\/strong><\/p>\n\n\n\n<p>MELT is an award-winning interdisciplinary design studio that blends design, architecture, and research into a singular entity. Founded by\u00a0Cemre\u00a0\u00d6nert\u00fcrk and Ege \u00c7ak\u0131r with a focus on challenging the limits of architectural practice, MELT seeks to discover new ways of thinking by actively &#8220;melting&#8221; the boundaries between places, objects, and living matter.<\/p>\n<\/div>\n\n\n\n<div class=\"wp-block-column is-sticky is-layout-flow wp-block-column-is-layout-flow\" style=\"flex-basis:33.33%\">\n<div class=\"wp-block-group has-global-padding is-layout-constrained wp-block-group-is-layout-constrained wp-container-1 is-position-sticky\">\n<hr class=\"wp-block-separator has-alpha-channel-opacity is-style-wide\"\/>\n\n\n\n<p><strong>Date:<\/strong> 17\/04\/2024 Wednesday<br><strong>Time:<\/strong> 09:30<br><strong>Place:<\/strong> FFB-05<\/p>\n\n\n\n<hr class=\"wp-block-separator has-alpha-channel-opacity is-style-wide\"\/>\n\n\n<div style=\"padding-top:0;padding-bottom:0;margin-top:0;margin-bottom:0\" class=\"taxonomy-category wp-block-post-terms\"><a href=\"https:\/\/arch.bilkent.edu.tr\/?cat=172\" rel=\"tag\">2024<\/a><span class=\"wp-block-post-terms__separator\">, <\/span><a href=\"https:\/\/arch.bilkent.edu.tr\/?cat=17\" rel=\"tag\">ARCH302<\/a><span class=\"wp-block-post-terms__separator\">, <\/span><a href=\"https:\/\/arch.bilkent.edu.tr\/?cat=7\" rel=\"tag\">Lectures<\/a><span class=\"wp-block-post-terms__separator\">, <\/span><a href=\"https:\/\/arch.bilkent.edu.tr\/?cat=6\" rel=\"tag\">News &amp; Events<\/a><\/div>\n\n<\/div>\n<\/div>\n<\/div>\n<\/div>\n","protected":false},"excerpt":{"rendered":"<p>This talk explores the overarching conceptual framework of MELT, illuminating the critical dialogue that characterizes our design and representation process which operates at the intersection of the multifold acts: &#8220;finding&#8221; and &#8220;making.&#8221; The talk will begin with a brief explanation of our collaborative practice structure, followed by a presentation of our concept-driven approach through a [&hellip;]<\/p>\n","protected":false},"author":1,"featured_media":6789,"comment_status":"open","ping_status":"open","sticky":false,"template":"","format":"standard","meta":{"_acf_changed":false,"footnotes":""},"categories":[172,17,7,6],"tags":[],"class_list":["post-6788","post","type-post","status-publish","format-standard","has-post-thumbnail","hentry","category-172","category-17","category-lectures","category-news"],"acf":[],"_links":{"self":[{"href":"https:\/\/arch.bilkent.edu.tr\/index.php?rest_route=\/wp\/v2\/posts\/6788","targetHints":{"allow":["GET"]}}],"collection":[{"href":"https:\/\/arch.bilkent.edu.tr\/index.php?rest_route=\/wp\/v2\/posts"}],"about":[{"href":"https:\/\/arch.bilkent.edu.tr\/index.php?rest_route=\/wp\/v2\/types\/post"}],"author":[{"embeddable":true,"href":"https:\/\/arch.bilkent.edu.tr\/index.php?rest_route=\/wp\/v2\/users\/1"}],"replies":[{"embeddable":true,"href":"https:\/\/arch.bilkent.edu.tr\/index.php?rest_route=%2Fwp%2Fv2%2Fcomments&post=6788"}],"version-history":[{"count":1,"href":"https:\/\/arch.bilkent.edu.tr\/index.php?rest_route=\/wp\/v2\/posts\/6788\/revisions"}],"predecessor-version":[{"id":6790,"href":"https:\/\/arch.bilkent.edu.tr\/index.php?rest_route=\/wp\/v2\/posts\/6788\/revisions\/6790"}],"wp:featuredmedia":[{"embeddable":true,"href":"https:\/\/arch.bilkent.edu.tr\/index.php?rest_route=\/wp\/v2\/media\/6789"}],"wp:attachment":[{"href":"https:\/\/arch.bilkent.edu.tr\/index.php?rest_route=%2Fwp%2Fv2%2Fmedia&parent=6788"}],"wp:term":[{"taxonomy":"category","embeddable":true,"href":"https:\/\/arch.bilkent.edu.tr\/index.php?rest_route=%2Fwp%2Fv2%2Fcategories&post=6788"},{"taxonomy":"post_tag","embeddable":true,"href":"https:\/\/arch.bilkent.edu.tr\/index.php?rest_route=%2Fwp%2Fv2%2Ftags&post=6788"}],"curies":[{"name":"wp","href":"https:\/\/api.w.org\/{rel}","templated":true}]}}