{"id":5415,"date":"2024-01-25T10:58:47","date_gmt":"2024-01-25T10:58:47","guid":{"rendered":"https:\/\/arch.bilkent.edu.tr\/?p=5415"},"modified":"2024-01-26T10:30:35","modified_gmt":"2024-01-26T10:30:35","slug":"for-everyone-a-garden","status":"publish","type":"post","link":"https:\/\/arch.bilkent.edu.tr\/?p=5415","title":{"rendered":"For Everyone a Garden"},"content":{"rendered":"\n<div class=\"wp-block-columns is-layout-flex wp-container-core-columns-is-layout-28f84493 wp-block-columns-is-layout-flex\">\n<div class=\"wp-block-column is-sticky is-layout-flow wp-block-column-is-layout-flow\" style=\"flex-basis:33.33%\">\n<div class=\"wp-block-group has-global-padding is-layout-constrained wp-block-group-is-layout-constrained wp-container-1 is-position-sticky\">\n<hr class=\"wp-block-separator has-alpha-channel-opacity is-style-wide\"\/>\n\n\n\n<p>Urban citizens are forced to reside in confined habitats, confronted with extremely limited space provisions that deprive them of any opportunity for gardening activities. Our goal is to create multifunctional green spaces within the city, enabling residents to cultivate personal gardens. This initiative aims to foster a sense of ownership and connection to nature while alleviating urban stress and enhancing mental well-being.<\/p>\n\n\n\n<p>In each unit, residents have their own designated personal production areas, allowing them the freedom to utilize the space as they see fit. The placement of each unit&#8217;s garden is determined based on sunlight accessibility.<\/p>\n\n\n\n<p>Within this community, residents benefit from shared spaces for workshops related to gardening, pharmacy, and the creation of personal food sources. These communal areas provide educational opportunities for residents, as well as public spaces where they can both consume and sell the products they cultivate.<\/p>\n\n\n\n<hr class=\"wp-block-separator has-alpha-channel-opacity is-style-wide\"\/>\n\n\n\n<p><strong>Author<strong>(s)<\/strong>:<\/strong>&nbsp;Nisa Sivri &#8211; \u00d6yk\u00fc Cansu T\u00fcrk<br><strong>Studio:&nbsp;<\/strong>Arch 301 Fall 2023<strong><br>Instructor(s):<\/strong> \u00d6zge Selen Duran<\/p>\n\n\n\n<hr class=\"wp-block-separator has-alpha-channel-opacity is-style-wide\"\/>\n\n\n<div class=\"taxonomy-category wp-block-post-terms\"><a href=\"https:\/\/arch.bilkent.edu.tr\/?cat=40\" rel=\"tag\">2023<\/a><span class=\"wp-block-post-terms__separator\">, <\/span><a href=\"https:\/\/arch.bilkent.edu.tr\/?cat=16\" rel=\"tag\">ARCH301<\/a><span class=\"wp-block-post-terms__separator\">, <\/span><a href=\"https:\/\/arch.bilkent.edu.tr\/?cat=11\" rel=\"tag\">Studio Works<\/a><\/div>\n\n<\/div>\n<\/div>\n\n\n\n<div class=\"wp-block-column is-layout-flow wp-block-column-is-layout-flow\" style=\"flex-basis:66.66%\">\n<figure class=\"wp-block-image size-full\"><img loading=\"lazy\" decoding=\"async\" width=\"14764\" height=\"11811\" src=\"https:\/\/arch.bilkent.edu.tr\/wp-content\/uploads\/2024\/01\/View_Towards_Public_Bridge.jpg\" alt=\"\" class=\"wp-image-5416\"\/><\/figure>\n\n\n\n<figure class=\"wp-block-image size-full\"><img loading=\"lazy\" decoding=\"async\" width=\"11811\" height=\"11811\" src=\"https:\/\/arch.bilkent.edu.tr\/wp-content\/uploads\/2024\/01\/Public_Functions-Urban_Edge.jpg\" alt=\"\" class=\"wp-image-5418\"\/><\/figure>\n\n\n\n<figure class=\"wp-block-image size-full\"><img loading=\"lazy\" decoding=\"async\" width=\"11811\" height=\"14764\" src=\"https:\/\/arch.bilkent.edu.tr\/wp-content\/uploads\/2024\/01\/Plans.jpg\" alt=\"\" class=\"wp-image-5419\"\/><\/figure>\n\n\n\n<figure class=\"wp-block-image size-full\"><img loading=\"lazy\" decoding=\"async\" width=\"11811\" height=\"11811\" src=\"https:\/\/arch.bilkent.edu.tr\/wp-content\/uploads\/2024\/01\/Diagrams-2.jpg\" alt=\"\" class=\"wp-image-5417\"\/><\/figure>\n<\/div>\n<\/div>\n","protected":false},"excerpt":{"rendered":"<p>Urban citizens are forced to reside in confined habitats, confronted with extremely limited space provisions that deprive them of any opportunity for gardening activities. Our goal is to create multifunctional green spaces within the city, enabling residents to cultivate personal gardens. This initiative aims to foster a sense of ownership and connection to nature while [&hellip;]<\/p>\n","protected":false},"author":1,"featured_media":5416,"comment_status":"open","ping_status":"open","sticky":false,"template":"","format":"standard","meta":{"_acf_changed":false,"footnotes":""},"categories":[40,16,11],"tags":[],"class_list":["post-5415","post","type-post","status-publish","format-standard","has-post-thumbnail","hentry","category-40","category-16","category-student-works"],"acf":[],"_links":{"self":[{"href":"https:\/\/arch.bilkent.edu.tr\/index.php?rest_route=\/wp\/v2\/posts\/5415","targetHints":{"allow":["GET"]}}],"collection":[{"href":"https:\/\/arch.bilkent.edu.tr\/index.php?rest_route=\/wp\/v2\/posts"}],"about":[{"href":"https:\/\/arch.bilkent.edu.tr\/index.php?rest_route=\/wp\/v2\/types\/post"}],"author":[{"embeddable":true,"href":"https:\/\/arch.bilkent.edu.tr\/index.php?rest_route=\/wp\/v2\/users\/1"}],"replies":[{"embeddable":true,"href":"https:\/\/arch.bilkent.edu.tr\/index.php?rest_route=%2Fwp%2Fv2%2Fcomments&post=5415"}],"version-history":[{"count":2,"href":"https:\/\/arch.bilkent.edu.tr\/index.php?rest_route=\/wp\/v2\/posts\/5415\/revisions"}],"predecessor-version":[{"id":5640,"href":"https:\/\/arch.bilkent.edu.tr\/index.php?rest_route=\/wp\/v2\/posts\/5415\/revisions\/5640"}],"wp:featuredmedia":[{"embeddable":true,"href":"https:\/\/arch.bilkent.edu.tr\/index.php?rest_route=\/wp\/v2\/media\/5416"}],"wp:attachment":[{"href":"https:\/\/arch.bilkent.edu.tr\/index.php?rest_route=%2Fwp%2Fv2%2Fmedia&parent=5415"}],"wp:term":[{"taxonomy":"category","embeddable":true,"href":"https:\/\/arch.bilkent.edu.tr\/index.php?rest_route=%2Fwp%2Fv2%2Fcategories&post=5415"},{"taxonomy":"post_tag","embeddable":true,"href":"https:\/\/arch.bilkent.edu.tr\/index.php?rest_route=%2Fwp%2Fv2%2Ftags&post=5415"}],"curies":[{"name":"wp","href":"https:\/\/api.w.org\/{rel}","templated":true}]}}