{"id":1000,"date":"2017-11-24T15:05:26","date_gmt":"2017-11-24T15:05:26","guid":{"rendered":"https:\/\/arch.bilkent.edu.tr\/?p=1000"},"modified":"2023-12-23T09:09:42","modified_gmt":"2023-12-23T09:09:42","slug":"from-documentation-to-application-transformation-story-of-seddulbahir-fortress","status":"publish","type":"post","link":"https:\/\/arch.bilkent.edu.tr\/?p=1000","title":{"rendered":"From Documentation to Application: Transformation Story of Sedd\u00fclbahir Fortress"},"content":{"rendered":"\n<div class=\"wp-block-group has-global-padding is-layout-constrained wp-block-group-is-layout-constrained\">\n<div class=\"wp-block-columns is-layout-flex wp-container-core-columns-is-layout-28f84493 wp-block-columns-is-layout-flex\">\n<div class=\"wp-block-column is-layout-flow wp-block-column-is-layout-flow\" style=\"flex-basis:66.66%\">\n<figure class=\"wp-block-image size-large\"><img loading=\"lazy\" decoding=\"async\" width=\"724\" height=\"1024\" src=\"https:\/\/arch.bilkent.edu.tr\/wp-content\/uploads\/2023\/11\/poster_ozsavasci-724x1024.jpg\" alt=\"\" class=\"wp-image-1001\" style=\"aspect-ratio:0.7998046875;object-fit:contain\" srcset=\"https:\/\/arch.bilkent.edu.tr\/wp-content\/uploads\/2023\/11\/poster_ozsavasci-724x1024.jpg 724w, https:\/\/arch.bilkent.edu.tr\/wp-content\/uploads\/2023\/11\/poster_ozsavasci-212x300.jpg 212w, https:\/\/arch.bilkent.edu.tr\/wp-content\/uploads\/2023\/11\/poster_ozsavasci-768x1086.jpg 768w, https:\/\/arch.bilkent.edu.tr\/wp-content\/uploads\/2023\/11\/poster_ozsavasci-1086x1536.jpg 1086w, https:\/\/arch.bilkent.edu.tr\/wp-content\/uploads\/2023\/11\/poster_ozsavasci-1448x2048.jpg 1448w, https:\/\/arch.bilkent.edu.tr\/wp-content\/uploads\/2023\/11\/poster_ozsavasci-scaled.jpg 1810w\" sizes=\"auto, (max-width: 724px) 100vw, 724px\" \/><\/figure>\n\n\n\n<p>As a 17th century Ottoman defense building, Sedd\u00fclbahir Fortress has been an object to a documentation, conservation and restoration project since 1997. Located at the entrance of Dardanelles and in one of the most strategic corners of Gallipoli wars, fortress and project transformed into several different contexts through these years with changing enforcements. After 18 years on 2015, restoration application had begun, currently on-going and the site will be opened to the visitors as a museum in 2020.<\/p>\n\n\n\n<p><strong>Biography:<\/strong><\/p>\n\n\n\n<p>Arzu \u00d6ZSAVA\u015eCI (MA, ITU) received her B.Arch degree and Master of Arts degree on Architectural History from \u0130stanbul Technical University. She had been working in various projects including documentation and restoration projects as well as contemporary ones. She also involved in academic and interdisciplinary projects, attended symposiums and published papers as co-author. She is one of the project owners of Sedd\u00fclbahir Fortress Restoration project, and a member of UIA.<\/p>\n<\/div>\n\n\n\n<div class=\"wp-block-column is-sticky is-layout-flow wp-block-column-is-layout-flow\" style=\"flex-basis:33.33%\">\n<div class=\"wp-block-group has-global-padding is-layout-constrained wp-block-group-is-layout-constrained wp-container-1 is-position-sticky\">\n<hr class=\"wp-block-separator has-alpha-channel-opacity is-style-wide\"\/>\n\n\n\n<p><strong>Date:<\/strong> 20\/10\/2017 Friday<br><strong>Time:<\/strong> 12:30-13:30<br><strong>Place:<\/strong> FFB-05<\/p>\n\n\n\n<hr class=\"wp-block-separator has-alpha-channel-opacity is-style-wide\"\/>\n\n\n<div style=\"padding-top:0;padding-bottom:0;margin-top:0;margin-bottom:0\" class=\"taxonomy-category wp-block-post-terms\"><a href=\"https:\/\/arch.bilkent.edu.tr\/?cat=46\" rel=\"tag\">2017<\/a><span class=\"wp-block-post-terms__separator\">, <\/span><a href=\"https:\/\/arch.bilkent.edu.tr\/?cat=7\" rel=\"tag\">Lectures<\/a><span class=\"wp-block-post-terms__separator\">, <\/span><a href=\"https:\/\/arch.bilkent.edu.tr\/?cat=6\" rel=\"tag\">News &amp; Events<\/a><\/div>\n\n<div style=\"margin-top:0;margin-bottom:0\" class=\"taxonomy-post_tag wp-block-post-terms\"><a href=\"https:\/\/arch.bilkent.edu.tr\/?tag=conservation\" rel=\"tag\">Conservation<\/a><span class=\"wp-block-post-terms__separator\">, <\/span><a href=\"https:\/\/arch.bilkent.edu.tr\/?tag=restoration\" rel=\"tag\">Restoration<\/a><\/div><\/div>\n<\/div>\n<\/div>\n<\/div>\n","protected":false},"excerpt":{"rendered":"<p>As a 17th century Ottoman defense building, Sedd\u00fclbahir Fortress has been an object to a documentation, conservation and restoration project since 1997. Located at the entrance of Dardanelles and in one of the most strategic corners of Gallipoli wars, fortress and project transformed into several different contexts through these years with changing enforcements. After 18 [&hellip;]<\/p>\n","protected":false},"author":1,"featured_media":1002,"comment_status":"open","ping_status":"open","sticky":false,"template":"","format":"standard","meta":{"_acf_changed":false,"footnotes":""},"categories":[46,7,6],"tags":[35,61],"class_list":["post-1000","post","type-post","status-publish","format-standard","has-post-thumbnail","hentry","category-46","category-lectures","category-news","tag-conservation","tag-restoration"],"acf":[],"_links":{"self":[{"href":"https:\/\/arch.bilkent.edu.tr\/index.php?rest_route=\/wp\/v2\/posts\/1000","targetHints":{"allow":["GET"]}}],"collection":[{"href":"https:\/\/arch.bilkent.edu.tr\/index.php?rest_route=\/wp\/v2\/posts"}],"about":[{"href":"https:\/\/arch.bilkent.edu.tr\/index.php?rest_route=\/wp\/v2\/types\/post"}],"author":[{"embeddable":true,"href":"https:\/\/arch.bilkent.edu.tr\/index.php?rest_route=\/wp\/v2\/users\/1"}],"replies":[{"embeddable":true,"href":"https:\/\/arch.bilkent.edu.tr\/index.php?rest_route=%2Fwp%2Fv2%2Fcomments&post=1000"}],"version-history":[{"count":1,"href":"https:\/\/arch.bilkent.edu.tr\/index.php?rest_route=\/wp\/v2\/posts\/1000\/revisions"}],"predecessor-version":[{"id":1003,"href":"https:\/\/arch.bilkent.edu.tr\/index.php?rest_route=\/wp\/v2\/posts\/1000\/revisions\/1003"}],"wp:featuredmedia":[{"embeddable":true,"href":"https:\/\/arch.bilkent.edu.tr\/index.php?rest_route=\/wp\/v2\/media\/1002"}],"wp:attachment":[{"href":"https:\/\/arch.bilkent.edu.tr\/index.php?rest_route=%2Fwp%2Fv2%2Fmedia&parent=1000"}],"wp:term":[{"taxonomy":"category","embeddable":true,"href":"https:\/\/arch.bilkent.edu.tr\/index.php?rest_route=%2Fwp%2Fv2%2Fcategories&post=1000"},{"taxonomy":"post_tag","embeddable":true,"href":"https:\/\/arch.bilkent.edu.tr\/index.php?rest_route=%2Fwp%2Fv2%2Ftags&post=1000"}],"curies":[{"name":"wp","href":"https:\/\/api.w.org\/{rel}","templated":true}]}}